{"id":1805,"date":"2026-01-11T19:48:17","date_gmt":"2026-01-11T17:48:17","guid":{"rendered":"https:\/\/www.musikverein-epfendorf.de\/wordpress\/?p=1805"},"modified":"2026-01-11T19:48:18","modified_gmt":"2026-01-11T17:48:18","slug":"ein-musikalischer-ausflug-mit-wein-witz-und-wunderbarem-wetter-der-musikverein-epfendorf-unterwegs-in-lauffen-am-neckar","status":"publish","type":"post","link":"https:\/\/www.musikverein-epfendorf.de\/wordpress\/?p=1805","title":{"rendered":"Ein musikalischer Ausflug mit Wein, Witz und wunderbarem Wetter \u2013 der Musikverein Epfendorf unterwegs in Lauffen am Neckar"},"content":{"rendered":"\n<p>Was braucht man f\u00fcr einen perfekten Vereinsausflug? Sonnenschein, gutes Essen, Wein und nat\u00fcrlich: die richtige Gesellschaft! All das und noch viel mehr hatte der Musikverein Epfendorf bei seinem diesj\u00e4hrigen Ausflug am vergangenen Samstag im Gep\u00e4ck.<\/p>\n\n\n\n<p>Los ging\u2019s um 9 Uhr am Pavillon in Epfendorf, wo bereits ein herzhaftes Fr\u00fchst\u00fcck auf uns wartete. Frisch gebackener Zopf, zwei riesige, \u00fcppig belegte Brezeln \u2013 das war nicht nur ein Augenschmaus, sondern auch der perfekte Start in einen Tag voller Genuss und Geselligkeit. Die Stimmung? Schon morgens hervorragend!<\/p>\n\n\n\n<p>P\u00fcnktlich um 10 Uhr rollte der Bus los in Richtung Lauffen am Neckar. Die Vorfreude war gro\u00df \u2013 und sie wurde nicht entt\u00e4uscht. Dort angekommen, wartete bereits das erste Highlight auf uns: eine Erlebnisfahrt durch die wundersch\u00f6nen Weinberge der Region.<\/p>\n\n\n\n<figure class=\"wp-block-image\" id=\"add7456f-5687-4b54-adec-87380c5daeb7\"><img decoding=\"async\" src=\"https:\/\/nm0as0prod0sa.blob.core.windows.net\/nm-as-prod-stc\/images\/image1913277747848-AS_ad6e2359-8781-.jpeg\" alt=\"\"\/><\/figure>\n\n\n\n<p>In zwei Planwagen der \u201eKatzenbei\u00dfer Carrus\u201c-Flotte tuckerten wir gem\u00fctlich durch die h\u00fcgelige Landschaft.<\/p>\n\n\n\n<figure class=\"wp-block-image\" id=\"bbd8d83b-706b-4f1c-a7ff-26348d181797\"><img decoding=\"async\" src=\"https:\/\/nm0as0prod0sa.blob.core.windows.net\/nm-as-prod-stc\/images\/image1913279385827-AS_7d914c8b-24b9-.jpeg\" alt=\"\"\/><\/figure>\n\n\n\n<p>Unterwegs durften wir nicht nur die Aussicht genie\u00dfen, sondern auch eine feine Auswahl regionaler Weine direkt an den Rebst\u00f6cken verkosten. Dazu gab\u2019s leckere Snacks und allerlei interessante Infos \u00fcber die Weine, ihre Herkunft und ihre Besonderheiten \u2013 serviert mit einer Prise Humor. Die Kombination aus Genuss, Wissen und Geselligkeit machte die Planwagenfahrt zu einem echten Erlebnis, das noch lange in Erinnerung bleiben wird.<\/p>\n\n\n\n<figure class=\"wp-block-image\" id=\"9c79881b-b816-40eb-9c1a-ef1a1ec5ecaf\"><img decoding=\"async\" src=\"https:\/\/nm0as0prod0sa.blob.core.windows.net\/nm-as-prod-stc\/images\/image1913269621897-AS_cf30bf49-7f1a-.jpeg\" alt=\"\"\/><\/figure>\n\n\n\n<p>Gegen Abend ging es zur\u00fcck in Richtung Heimat. Wir lie\u00dfen den Tag im Gasthaus Kastell in Sulz ausklingen. Dort wartete ein italienisches Themenbuffet auf uns. Doch damit nicht genug: Das Organisationsteam hatte sich noch ein besonderes Schmankerl \u00fcberlegt \u2013 ein \u00dcberraschungsgast sorgte mit seiner unterhaltsamen Einlage f\u00fcr beste Stimmung und einige herzliche Lachanf\u00e4lle.<\/p>\n\n\n\n<p>In fr\u00f6hlicher Runde, bei gutem Essen, einem Gl\u00e4schen Wein (oder zwei) und vielen netten Gespr\u00e4chen lie\u00dfen wir den Tag gem\u00fctlich ausklingen.<\/p>\n\n\n\n<p>Ein gro\u00dfes Dankesch\u00f6n geht an unser engagiertes Orga-Team, das mit viel Herzblut und Liebe zum Detail einen unvergesslichen Tag auf die Beine gestellt hat.&nbsp;<strong>Der Ausflug des Musikvereins Epfendorf war ein voller Erfolg!<\/strong><\/p>\n","protected":false},"excerpt":{"rendered":"<p>Was braucht man f\u00fcr einen perfekten Vereinsausflug? Sonnenschein, gutes Essen, Wein und nat\u00fcrlich: die richtige Gesellschaft! All das und noch viel mehr hatte der Musikverein Epfendorf bei seinem diesj\u00e4hrigen Ausflug am vergangenen Samstag im Gep\u00e4ck. Los ging\u2019s um 9 Uhr <a class=\"more-link\" href=\"https:\/\/www.musikverein-epfendorf.de\/wordpress\/?p=1805\">weiterlesen&#8230;<\/a><\/p>\n","protected":false},"author":6,"featured_media":1806,"comment_status":"open","ping_status":"open","sticky":false,"template":"","format":"standard","meta":{"footnotes":""},"categories":[1],"tags":[],"class_list":["post-1805","post","type-post","status-publish","format-standard","has-post-thumbnail","hentry","category-allgemein"],"_links":{"self":[{"href":"https:\/\/www.musikverein-epfendorf.de\/wordpress\/index.php?rest_route=\/wp\/v2\/posts\/1805","targetHints":{"allow":["GET"]}}],"collection":[{"href":"https:\/\/www.musikverein-epfendorf.de\/wordpress\/index.php?rest_route=\/wp\/v2\/posts"}],"about":[{"href":"https:\/\/www.musikverein-epfendorf.de\/wordpress\/index.php?rest_route=\/wp\/v2\/types\/post"}],"author":[{"embeddable":true,"href":"https:\/\/www.musikverein-epfendorf.de\/wordpress\/index.php?rest_route=\/wp\/v2\/users\/6"}],"replies":[{"embeddable":true,"href":"https:\/\/www.musikverein-epfendorf.de\/wordpress\/index.php?rest_route=%2Fwp%2Fv2%2Fcomments&post=1805"}],"version-history":[{"count":1,"href":"https:\/\/www.musikverein-epfendorf.de\/wordpress\/index.php?rest_route=\/wp\/v2\/posts\/1805\/revisions"}],"predecessor-version":[{"id":1807,"href":"https:\/\/www.musikverein-epfendorf.de\/wordpress\/index.php?rest_route=\/wp\/v2\/posts\/1805\/revisions\/1807"}],"wp:featuredmedia":[{"embeddable":true,"href":"https:\/\/www.musikverein-epfendorf.de\/wordpress\/index.php?rest_route=\/wp\/v2\/media\/1806"}],"wp:attachment":[{"href":"https:\/\/www.musikverein-epfendorf.de\/wordpress\/index.php?rest_route=%2Fwp%2Fv2%2Fmedia&parent=1805"}],"wp:term":[{"taxonomy":"category","embeddable":true,"href":"https:\/\/www.musikverein-epfendorf.de\/wordpress\/index.php?rest_route=%2Fwp%2Fv2%2Fcategories&post=1805"},{"taxonomy":"post_tag","embeddable":true,"href":"https:\/\/www.musikverein-epfendorf.de\/wordpress\/index.php?rest_route=%2Fwp%2Fv2%2Ftags&post=1805"}],"curies":[{"name":"wp","href":"https:\/\/api.w.org\/{rel}","templated":true}]}}