{"id":1808,"date":"2026-01-11T19:50:15","date_gmt":"2026-01-11T17:50:15","guid":{"rendered":"https:\/\/www.musikverein-epfendorf.de\/wordpress\/?p=1808"},"modified":"2026-01-11T19:50:15","modified_gmt":"2026-01-11T17:50:15","slug":"gemeinsam-den-ton-angeben-neue-blaeserklasse-in-epfendorf","status":"publish","type":"post","link":"https:\/\/www.musikverein-epfendorf.de\/wordpress\/?p=1808","title":{"rendered":"Gemeinsam den Ton angeben \u2013 Neue Bl\u00e4serklasse in Epfendorf"},"content":{"rendered":"\n<p>Mit dem Schuljahresbeginn 2025\/2026 startete in der Schlichemklammschule in Epfendorf eine neue Bl\u00e4serklasse. Es konnten 13 motivierte Kinder der Klassenstufen 2-4 begeistert werden, in den n\u00e4chsten beiden Schuljahren ein von ihnen ausgew\u00e4hltes Instrument zu erlernen. Als Musiklehrer konnte f\u00fcr die Kinder Herr Gabor Fehervari gewonnen werden. Im Juni 2025 gab es ein erstes Treffen zwischen Kindern und Musiklehrern, bei dem alle m\u00f6glichen Instrumente einer Bl\u00e4serklasse vorgestellt wurden. Von der Querfl\u00f6te \u00fcber die Trompete und Posaune bis hin zum Schlagzeug: Die Kinder durften alles ausprobieren, auf das sie Lust hatten und zur\u00fcck zu Hause dann ihren Eltern berichten, welches der Instrumente sie f\u00fcr die n\u00e4chsten zwei Jahre erlernen wollen. Alle Eltern wurden im Juli 2025 zu einem Informationsabend eingeladen, bei dem noch einmal alle Rahmenbedingungen erkl\u00e4rt wurden. Erfreulicherweise haben sich vor den Sommerferien insgesamt 13 Kinder f\u00fcr die Bl\u00e4serklasse angemeldet. Neben zwei Kindern, die sich f\u00fcr die Querfl\u00f6te entschieden haben, gibt es vier Kinder, die nun Klarinette spielen. Dazu kommt ein Kind am Saxophon, drei an der Trompete und weitere drei, die der Gruppe den Rhythmus durch das Schlagzeug geben. Die Bl\u00e4serklasse findet nun immer freitags in einer Schulstunde, w\u00e4hrend des regul\u00e4ren Schulunterrichts, statt. In der ersten Stunde erhielten die Kinder neben den neuen Instrumenten auch einen Notenst\u00e4nder, welcher sich bereits als erste kleine Herausforderung herausstellte. Schritt f\u00fcr Schritt erkl\u00e4rte Musiklehrer Gabor Fehervari den Kindern, welche Schraube gel\u00f6st und sp\u00e4ter wieder festgezogen werden muss, damit der Notenst\u00e4nder das tut, was er soll: Die Noten so zu halten, dass sie w\u00e4hrend des Spielens gesehen werden k\u00f6nnen. Der Musikverein Epfendorf e. V. freut sich sehr, dass das Angebot einer Bl\u00e4serklasse in Kooperation mit der Schlichemklammschule in diesem Jahr wieder umgesetzt werden konnte und es einen so hohen Anklang findet.&nbsp;<\/p>\n\n\n\n<figure class=\"wp-block-image\" id=\"6be115af-924a-44a5-946c-58cc309c7d93\"><img decoding=\"async\" src=\"https:\/\/nm0as0prod0sa.blob.core.windows.net\/nm-as-prod-stc\/images\/image0950353634888-AS_1000103457.jpg\" alt=\"\"\/><\/figure>\n\n\n\n<p>Ein herzliches Dankesch\u00f6n geht hier an die Rektorin, Frau Susanne Mager, f\u00fcr die kooperative und offene Zusammenarbeit. Au\u00dferdem m\u00f6chten wir uns bei Musiklehrer Gabor Fehervari bedanken, der uns mit diesem Angebot unterst\u00fctzt und den Kindern die Freunde an der Orchestermusik schon in jungen Jahren nahebringt.<\/p>\n","protected":false},"excerpt":{"rendered":"<p>Mit dem Schuljahresbeginn 2025\/2026 startete in der Schlichemklammschule in Epfendorf eine neue Bl\u00e4serklasse. Es konnten 13 motivierte Kinder der Klassenstufen 2-4 begeistert werden, in den n\u00e4chsten beiden Schuljahren ein von ihnen ausgew\u00e4hltes Instrument zu erlernen. Als Musiklehrer konnte f\u00fcr die <a class=\"more-link\" href=\"https:\/\/www.musikverein-epfendorf.de\/wordpress\/?p=1808\">weiterlesen&#8230;<\/a><\/p>\n","protected":false},"author":6,"featured_media":1809,"comment_status":"open","ping_status":"open","sticky":false,"template":"","format":"standard","meta":{"footnotes":""},"categories":[1],"tags":[],"class_list":["post-1808","post","type-post","status-publish","format-standard","has-post-thumbnail","hentry","category-allgemein"],"_links":{"self":[{"href":"https:\/\/www.musikverein-epfendorf.de\/wordpress\/index.php?rest_route=\/wp\/v2\/posts\/1808","targetHints":{"allow":["GET"]}}],"collection":[{"href":"https:\/\/www.musikverein-epfendorf.de\/wordpress\/index.php?rest_route=\/wp\/v2\/posts"}],"about":[{"href":"https:\/\/www.musikverein-epfendorf.de\/wordpress\/index.php?rest_route=\/wp\/v2\/types\/post"}],"author":[{"embeddable":true,"href":"https:\/\/www.musikverein-epfendorf.de\/wordpress\/index.php?rest_route=\/wp\/v2\/users\/6"}],"replies":[{"embeddable":true,"href":"https:\/\/www.musikverein-epfendorf.de\/wordpress\/index.php?rest_route=%2Fwp%2Fv2%2Fcomments&post=1808"}],"version-history":[{"count":1,"href":"https:\/\/www.musikverein-epfendorf.de\/wordpress\/index.php?rest_route=\/wp\/v2\/posts\/1808\/revisions"}],"predecessor-version":[{"id":1810,"href":"https:\/\/www.musikverein-epfendorf.de\/wordpress\/index.php?rest_route=\/wp\/v2\/posts\/1808\/revisions\/1810"}],"wp:featuredmedia":[{"embeddable":true,"href":"https:\/\/www.musikverein-epfendorf.de\/wordpress\/index.php?rest_route=\/wp\/v2\/media\/1809"}],"wp:attachment":[{"href":"https:\/\/www.musikverein-epfendorf.de\/wordpress\/index.php?rest_route=%2Fwp%2Fv2%2Fmedia&parent=1808"}],"wp:term":[{"taxonomy":"category","embeddable":true,"href":"https:\/\/www.musikverein-epfendorf.de\/wordpress\/index.php?rest_route=%2Fwp%2Fv2%2Fcategories&post=1808"},{"taxonomy":"post_tag","embeddable":true,"href":"https:\/\/www.musikverein-epfendorf.de\/wordpress\/index.php?rest_route=%2Fwp%2Fv2%2Ftags&post=1808"}],"curies":[{"name":"wp","href":"https:\/\/api.w.org\/{rel}","templated":true}]}}