{"id":1811,"date":"2026-01-11T19:52:01","date_gmt":"2026-01-11T17:52:01","guid":{"rendered":"https:\/\/www.musikverein-epfendorf.de\/wordpress\/?p=1811"},"modified":"2026-01-11T19:52:57","modified_gmt":"2026-01-11T17:52:57","slug":"herbstfest-des-musikvereins-epfendorf-ein-voller-erfolg","status":"publish","type":"post","link":"https:\/\/www.musikverein-epfendorf.de\/wordpress\/?p=1811","title":{"rendered":"Herbstfest des Musikverein Epfendorf \u2013 ein voller Erfolg!"},"content":{"rendered":"\n<p>Am vergangenen Sonntag veranstaltete der Musikverein Epfendorf sein traditionelles Herbstfest in der Gemeindehalle. Schon fr\u00fch am Vormittag war die festlich und herbstlich dekorierte Halle bis auf den letzten Platz gef\u00fcllt \u2013 die Stimmung war von Beginn an fantastisch.<\/p>\n\n\n\n<p>Der Tag startete mit einem unterhaltsamen Fr\u00fchschoppen, bei dem der Musikverein Sulz\/Lahr mit schwungvoller Blasmusik f\u00fcr beste Laune sorgte.&nbsp;<\/p>\n\n\n\n<figure class=\"wp-block-image\" id=\"00cc295f-5c4e-4d35-ace0-edc5406a4215\"><img decoding=\"async\" src=\"https:\/\/nm0as0prod0sa.blob.core.windows.net\/nm-as-prod-stc\/images\/image2102332194517-AS_IMG-8876.JPG\" alt=\"\"\/><\/figure>\n\n\n\n<p>Im Anschluss begeisterte der Musikverein B\u00f6singen das Publikum mit einem abwechslungsreichen Repertoire, das keine W\u00fcnsche offen lie\u00df.<\/p>\n\n\n\n<figure class=\"wp-block-image\" id=\"bb758e5f-9175-4319-ae03-2350dd8b7fbb\"><img decoding=\"async\" src=\"https:\/\/nm0as0prod0sa.blob.core.windows.net\/nm-as-prod-stc\/images\/image2105547850371-AS_IMG-7950-1.jpg\" alt=\"\"\/><\/figure>\n\n\n\n<p>Am Nachmittag \u00fcbernahm unsere Jugendkapelle&nbsp;<strong>4Music<\/strong>&nbsp;die musikalische Unterhaltung. Auch sie \u00fcberzeugten mit ihrem K\u00f6nnen und zeigten eindrucksvoll, wie Musik Generationen miteinander verbindet.<\/p>\n\n\n\n<figure class=\"wp-block-image\" id=\"5f271794-ed61-4a00-9b2d-0d89763d59eb\"><img decoding=\"async\" src=\"https:\/\/nm0as0prod0sa.blob.core.windows.net\/nm-as-prod-stc\/images\/image2102302513792-AS_IMG-8892.JPG\" alt=\"\"\/><\/figure>\n\n\n\n<p>F\u00fcr das leibliche Wohl war bestens gesorgt: Deftig-leckere Schlachtplatten, hausgemachte Kartoffel-K\u00fcrbissuppe, eine gro\u00dfe Auswahl an selbst gebackenen Kuchen und Torten, aromatische Kaffeespezialit\u00e4ten sowie edle Tropfen an der Weinlaube boten f\u00fcr jeden Geschmack das Passende.<\/p>\n\n\n\n<p>Ein besonderes Highlight war die&nbsp;<strong>Scheck\u00fcbergabe des VR-Gewinnsparens<\/strong>: Gegen Mittag \u00fcberreichte Frau Schiele von der Volksbank Rottweil dem Verein einen symbolischen Scheck \u00fcber&nbsp;<strong>1.000 Euro<\/strong>.&nbsp;<\/p>\n\n\n\n<figure class=\"wp-block-image\" id=\"d4f16c11-0aa5-4399-966e-1a916e36884d\"><img decoding=\"async\" src=\"https:\/\/nm0as0prod0sa.blob.core.windows.net\/nm-as-prod-stc\/images\/image2048081657887-AS_IMG-7944.jpg\" alt=\"\"\/><\/figure>\n\n\n\n<p>Mit dieser gro\u00dfz\u00fcgigen Spende sollen neue Paradetrommeln angeschafft werden \u2013 herzlichen Dank daf\u00fcr!<\/p>\n\n\n\n<p>Rundum war es ein gelungener Festtag mit vielen gut gelaunten G\u00e4sten, angeregten Gespr\u00e4chen, kulinarischen Gen\u00fcssen und sch\u00f6ner Blasmusik.<br>Wir freuen uns schon heute auf das n\u00e4chste Herbstfest im Jahr&nbsp;<strong>2026<\/strong>!<\/p>\n\n\n\n<p>Ein herzliches Dankesch\u00f6n an \u2026<\/p>\n\n\n\n<ul class=\"wp-block-list\">\n<li>die zahlreichen\u00a0<strong>G\u00e4ste und Besucher<\/strong>\u00a0aus nah und fern, die durch ihr Kommen zum Gelingen des Herbstfests beigetragen haben<\/li>\n\n\n\n<li>unsere\u00a0<strong>Lieferanten Claudius Jauch und Klaus Stickel<\/strong>\u00a0f\u00fcr die super Schlachtplatte und das leckere Brot<\/li>\n\n\n\n<li>die\u00a0<strong>Firma Sch\u00e4fer-W\u00f6hr\u00a0<\/strong>f\u00fcr die zuverl\u00e4ssige Getr\u00e4nkelieferung<\/li>\n\n\n\n<li><strong>Peter Sch\u00f6llhammer<\/strong>\u00a0f\u00fcr die ausgezeichnete Weinauswahl an unserem Weinbrunnen<\/li>\n\n\n\n<li>unser\u00a0<strong>engagiertes K\u00fcchenteam<\/strong><\/li>\n\n\n\n<li>die\u00a0<strong>NZ Talhausen<\/strong>\u00a0f\u00fcr ihre Mithilfe<\/li>\n\n\n\n<li>alle\u00a0<strong>Kuchenb\u00e4ckerinnen und -b\u00e4cker,<\/strong>\u00a0die f\u00fcr ein abwechslungsreiches Kuchenbuffet sorgten<\/li>\n\n\n\n<li>das\u00a0<strong>Hausmeisterteam<\/strong>\u00a0f\u00fcr die gute Zusammenarbeit<\/li>\n\n\n\n<li>alle\u00a0<strong>Musikerinnen und Musiker<\/strong>\u00a0sowie deren\u00a0<strong>Partnerinnen und Partner<\/strong><\/li>\n\n\n\n<li>unsere<strong>\u00a0flei\u00dfigen Jungmusikerinnen und Jungmusiker<\/strong>\u00a0\u2013 ihr seid spitze!<\/li>\n\n\n\n<li>das Deko-Team, das Orga-Team \u2013 und einfach\u00a0<strong>ALLE<\/strong>, die uns in irgendeiner Weise unterst\u00fctzt haben!<\/li>\n<\/ul>\n","protected":false},"excerpt":{"rendered":"<p>Am vergangenen Sonntag veranstaltete der Musikverein Epfendorf sein traditionelles Herbstfest in der Gemeindehalle. Schon fr\u00fch am Vormittag war die festlich und herbstlich dekorierte Halle bis auf den letzten Platz gef\u00fcllt \u2013 die Stimmung war von Beginn an fantastisch. Der Tag <a class=\"more-link\" href=\"https:\/\/www.musikverein-epfendorf.de\/wordpress\/?p=1811\">weiterlesen&#8230;<\/a><\/p>\n","protected":false},"author":6,"featured_media":1812,"comment_status":"open","ping_status":"open","sticky":false,"template":"","format":"standard","meta":{"footnotes":""},"categories":[1],"tags":[],"class_list":["post-1811","post","type-post","status-publish","format-standard","has-post-thumbnail","hentry","category-allgemein"],"_links":{"self":[{"href":"https:\/\/www.musikverein-epfendorf.de\/wordpress\/index.php?rest_route=\/wp\/v2\/posts\/1811","targetHints":{"allow":["GET"]}}],"collection":[{"href":"https:\/\/www.musikverein-epfendorf.de\/wordpress\/index.php?rest_route=\/wp\/v2\/posts"}],"about":[{"href":"https:\/\/www.musikverein-epfendorf.de\/wordpress\/index.php?rest_route=\/wp\/v2\/types\/post"}],"author":[{"embeddable":true,"href":"https:\/\/www.musikverein-epfendorf.de\/wordpress\/index.php?rest_route=\/wp\/v2\/users\/6"}],"replies":[{"embeddable":true,"href":"https:\/\/www.musikverein-epfendorf.de\/wordpress\/index.php?rest_route=%2Fwp%2Fv2%2Fcomments&post=1811"}],"version-history":[{"count":2,"href":"https:\/\/www.musikverein-epfendorf.de\/wordpress\/index.php?rest_route=\/wp\/v2\/posts\/1811\/revisions"}],"predecessor-version":[{"id":1814,"href":"https:\/\/www.musikverein-epfendorf.de\/wordpress\/index.php?rest_route=\/wp\/v2\/posts\/1811\/revisions\/1814"}],"wp:featuredmedia":[{"embeddable":true,"href":"https:\/\/www.musikverein-epfendorf.de\/wordpress\/index.php?rest_route=\/wp\/v2\/media\/1812"}],"wp:attachment":[{"href":"https:\/\/www.musikverein-epfendorf.de\/wordpress\/index.php?rest_route=%2Fwp%2Fv2%2Fmedia&parent=1811"}],"wp:term":[{"taxonomy":"category","embeddable":true,"href":"https:\/\/www.musikverein-epfendorf.de\/wordpress\/index.php?rest_route=%2Fwp%2Fv2%2Fcategories&post=1811"},{"taxonomy":"post_tag","embeddable":true,"href":"https:\/\/www.musikverein-epfendorf.de\/wordpress\/index.php?rest_route=%2Fwp%2Fv2%2Ftags&post=1811"}],"curies":[{"name":"wp","href":"https:\/\/api.w.org\/{rel}","templated":true}]}}