{"id":1818,"date":"2026-03-16T20:32:14","date_gmt":"2026-03-16T18:32:14","guid":{"rendered":"https:\/\/www.musikverein-epfendorf.de\/wordpress\/?p=1818"},"modified":"2026-03-16T20:32:14","modified_gmt":"2026-03-16T18:32:14","slug":"toller-erfolg-bei-jugend-musiziert","status":"publish","type":"post","link":"https:\/\/www.musikverein-epfendorf.de\/wordpress\/?p=1818","title":{"rendered":"Toller Erfolg bei \u201eJugend musiziert\u201c"},"content":{"rendered":"\n<p>Beim Regionalwettbewerb \u201eJugend musiziert\u201c der Region Schwarzwald-Baar-Heuberg durfte sich unser Nachwuchsmusiker <strong>Joel Neuw\u00f6hner<\/strong> \u00fcber einen gro\u00dfartigen Erfolg freuen.<\/p>\n\n\n\n<p>Mit den St\u00fccken \u201eLeave the Door Open\u201c, \u201eDrum Solo Nr. 4\u201c und \u201eLatino\u201c zeigte Joel sein K\u00f6nnen am Schlagzeug und \u00fcberzeugte damit die Jury. F\u00fcr seine starke Leistung wurde er mit einem <strong>1. Platz<\/strong> ausgezeichnet.<\/p>\n\n\n\n<figure class=\"wp-block-image\" id=\"4908b948-8805-44da-9e9f-856b580d0170\"><img decoding=\"async\" src=\"https:\/\/nm0as0prod0sa.blob.core.windows.net\/nm-as-prod-stc\/images\/image1928509406018-AS_PHOTO-2026-03-1.jpg\" alt=\"\"\/><\/figure>\n\n\n\n<p>Wir vom Musikverein Epfendorf sind sehr stolz auf Joel und freuen uns sehr \u00fcber sein gro\u00dfes Engagement und seine Begeisterung f\u00fcr die Musik. Solche Erfolge sind f\u00fcr uns eine gro\u00dfe Freude und zeigen, wie wichtig die F\u00f6rderung unseres musikalischen Nachwuchses ist.<\/p>\n","protected":false},"excerpt":{"rendered":"<p>Beim Regionalwettbewerb \u201eJugend musiziert\u201c der Region Schwarzwald-Baar-Heuberg durfte sich unser Nachwuchsmusiker Joel Neuw\u00f6hner \u00fcber einen gro\u00dfartigen Erfolg freuen. Mit den St\u00fccken \u201eLeave the Door Open\u201c, \u201eDrum Solo Nr. 4\u201c und \u201eLatino\u201c zeigte Joel sein K\u00f6nnen am Schlagzeug und \u00fcberzeugte damit <a class=\"more-link\" href=\"https:\/\/www.musikverein-epfendorf.de\/wordpress\/?p=1818\">weiterlesen&#8230;<\/a><\/p>\n","protected":false},"author":6,"featured_media":1819,"comment_status":"open","ping_status":"open","sticky":false,"template":"","format":"standard","meta":{"footnotes":""},"categories":[1],"tags":[],"class_list":["post-1818","post","type-post","status-publish","format-standard","has-post-thumbnail","hentry","category-allgemein"],"_links":{"self":[{"href":"https:\/\/www.musikverein-epfendorf.de\/wordpress\/index.php?rest_route=\/wp\/v2\/posts\/1818","targetHints":{"allow":["GET"]}}],"collection":[{"href":"https:\/\/www.musikverein-epfendorf.de\/wordpress\/index.php?rest_route=\/wp\/v2\/posts"}],"about":[{"href":"https:\/\/www.musikverein-epfendorf.de\/wordpress\/index.php?rest_route=\/wp\/v2\/types\/post"}],"author":[{"embeddable":true,"href":"https:\/\/www.musikverein-epfendorf.de\/wordpress\/index.php?rest_route=\/wp\/v2\/users\/6"}],"replies":[{"embeddable":true,"href":"https:\/\/www.musikverein-epfendorf.de\/wordpress\/index.php?rest_route=%2Fwp%2Fv2%2Fcomments&post=1818"}],"version-history":[{"count":1,"href":"https:\/\/www.musikverein-epfendorf.de\/wordpress\/index.php?rest_route=\/wp\/v2\/posts\/1818\/revisions"}],"predecessor-version":[{"id":1820,"href":"https:\/\/www.musikverein-epfendorf.de\/wordpress\/index.php?rest_route=\/wp\/v2\/posts\/1818\/revisions\/1820"}],"wp:featuredmedia":[{"embeddable":true,"href":"https:\/\/www.musikverein-epfendorf.de\/wordpress\/index.php?rest_route=\/wp\/v2\/media\/1819"}],"wp:attachment":[{"href":"https:\/\/www.musikverein-epfendorf.de\/wordpress\/index.php?rest_route=%2Fwp%2Fv2%2Fmedia&parent=1818"}],"wp:term":[{"taxonomy":"category","embeddable":true,"href":"https:\/\/www.musikverein-epfendorf.de\/wordpress\/index.php?rest_route=%2Fwp%2Fv2%2Fcategories&post=1818"},{"taxonomy":"post_tag","embeddable":true,"href":"https:\/\/www.musikverein-epfendorf.de\/wordpress\/index.php?rest_route=%2Fwp%2Fv2%2Ftags&post=1818"}],"curies":[{"name":"wp","href":"https:\/\/api.w.org\/{rel}","templated":true}]}}